{"id":13927,"date":"2026-05-01T15:22:23","date_gmt":"2026-05-01T09:52:23","guid":{"rendered":"https:\/\/huron.fr\/fr\/?p=13927"},"modified":"2026-05-01T17:12:00","modified_gmt":"2026-05-01T11:42:00","slug":"communication-de-huron-graffenstaden-sas-relative-a-la-nomination-dun-nouveau-directeur-general","status":"publish","type":"post","link":"https:\/\/huron.fr\/fr\/communication-de-huron-graffenstaden-sas-relative-a-la-nomination-dun-nouveau-directeur-general\/","title":{"rendered":"Communication de Huron Graffenstaden SAS relative \u00e0 la nomination d\u2019un nouveau Directeur G\u00e9n\u00e9ral"},"content":{"rendered":"<p class=\"lead\">Communication de Huron Graffenstaden SAS relative \u00e0 la nomination d\u2019un nouveau Directeur G\u00e9n\u00e9ral &#8211; French<\/p>\n<p><a href=\"https:\/\/huron.fr\/fr\/wp-content\/uploads\/2026\/05\/Communique-2-VFR.pdf\" target=\"_blank\" class=\"btn\" rel=\"noopener\">T\u00e9l\u00e9charger le PDF<\/a><\/p>\n<p><object data=\"https:\/\/huron.fr\/fr\/wp-content\/uploads\/2026\/05\/Communique-2-VFR.pdf\" type=\"application\/pdf\" width=\"100%\" height=\"1000\"><\/object><\/p>\n<hr>\n<p class=\"lead\">Communication de Huron Graffenstaden SAS relative \u00e0 la nomination d\u2019un nouveau Directeur G\u00e9n\u00e9ral &#8211; English<\/p>\n<p><a href=\"https:\/\/huron.fr\/fr\/wp-content\/uploads\/2026\/05\/Communique-2-VEN.pdf\" target=\"_blank\" class=\"btn\" rel=\"noopener\">T\u00e9l\u00e9charger le PDF<\/a><\/p>\n<p><object data=\"https:\/\/huron.fr\/fr\/wp-content\/uploads\/2026\/05\/Communique-2-VEN.pdf\" type=\"application\/pdf\" width=\"100%\" height=\"1000\"><\/object><\/p>\n","protected":false},"excerpt":{"rendered":"<p>Communication de Huron Graffenstaden SAS relative \u00e0 la nomination d\u2019un nouveau Directeur G\u00e9n\u00e9ral &#8211; French T\u00e9l\u00e9charger le PDF Communication de Huron Graffenstaden SAS relative \u00e0 la nomination d\u2019un nouveau Directeur G\u00e9n\u00e9ral &#8211; English T\u00e9l\u00e9charger le PDF<\/p>\n","protected":false},"author":1,"featured_media":13938,"comment_status":"open","ping_status":"open","sticky":false,"template":"","format":"standard","meta":{"footnotes":""},"categories":[1286],"tags":[],"class_list":["post-13927","post","type-post","status-publish","format-standard","has-post-thumbnail","hentry","category-nouvelles"],"acf":[],"yoast_head":"<!-- This site is optimized with the Yoast SEO plugin v27.5 - https:\/\/yoast.com\/product\/yoast-seo-wordpress\/ -->\n<title>Communication de Huron Graffenstaden SAS relative \u00e0 la nomination d\u2019un nouveau Directeur G\u00e9n\u00e9ral - HURON GRAFFENSTADEN<\/title>\n<meta name=\"robots\" content=\"index, follow, max-snippet:-1, max-image-preview:large, max-video-preview:-1\" \/>\n<link rel=\"canonical\" href=\"https:\/\/huron.fr\/fr\/communication-de-huron-graffenstaden-sas-relative-a-la-nomination-dun-nouveau-directeur-general\/\" \/>\n<meta property=\"og:locale\" content=\"en_US\" \/>\n<meta property=\"og:type\" content=\"article\" \/>\n<meta property=\"og:title\" content=\"Communication de Huron Graffenstaden SAS relative \u00e0 la nomination d\u2019un nouveau Directeur G\u00e9n\u00e9ral - HURON GRAFFENSTADEN\" \/>\n<meta property=\"og:description\" content=\"Communication de Huron Graffenstaden SAS relative \u00e0 la nomination d\u2019un nouveau Directeur G\u00e9n\u00e9ral &#8211; French T\u00e9l\u00e9charger le PDF Communication de Huron Graffenstaden SAS relative \u00e0 la nomination d\u2019un nouveau Directeur G\u00e9n\u00e9ral &#8211; English T\u00e9l\u00e9charger le PDF\" \/>\n<meta property=\"og:url\" content=\"https:\/\/huron.fr\/fr\/communication-de-huron-graffenstaden-sas-relative-a-la-nomination-dun-nouveau-directeur-general\/\" \/>\n<meta property=\"og:site_name\" content=\"HURON GRAFFENSTADEN\" \/>\n<meta property=\"article:publisher\" content=\"https:\/\/www.facebook.com\/HuronGraffenstadenSAS\" \/>\n<meta property=\"article:published_time\" content=\"2026-05-01T09:52:23+00:00\" \/>\n<meta property=\"article:modified_time\" content=\"2026-05-01T11:42:00+00:00\" \/>\n<meta property=\"og:image\" content=\"https:\/\/huron.fr\/fr\/wp-content\/uploads\/2026\/05\/no-image-blog.png\" \/>\n\t<meta property=\"og:image:width\" content=\"1200\" \/>\n\t<meta property=\"og:image:height\" content=\"375\" \/>\n\t<meta property=\"og:image:type\" content=\"image\/png\" \/>\n<meta name=\"author\" content=\"tridentfr\" \/>\n<meta name=\"twitter:card\" content=\"summary_large_image\" \/>\n<meta name=\"twitter:label1\" content=\"Written by\" \/>\n\t<meta name=\"twitter:data1\" content=\"tridentfr\" \/>\n\t<meta name=\"twitter:label2\" content=\"Est. reading time\" \/>\n\t<meta name=\"twitter:data2\" content=\"1 minute\" \/>\n<script type=\"application\/ld+json\" class=\"yoast-schema-graph\">{\"@context\":\"https:\\\/\\\/schema.org\",\"@graph\":[{\"@type\":\"Article\",\"@id\":\"https:\\\/\\\/huron.fr\\\/fr\\\/communication-de-huron-graffenstaden-sas-relative-a-la-nomination-dun-nouveau-directeur-general\\\/#article\",\"isPartOf\":{\"@id\":\"https:\\\/\\\/huron.fr\\\/fr\\\/communication-de-huron-graffenstaden-sas-relative-a-la-nomination-dun-nouveau-directeur-general\\\/\"},\"author\":{\"name\":\"tridentfr\",\"@id\":\"https:\\\/\\\/huron.fr\\\/fr\\\/#\\\/schema\\\/person\\\/5ef52c98470421b57f6f80b68e385264\"},\"headline\":\"Communication de Huron Graffenstaden SAS relative \u00e0 la nomination d\u2019un nouveau Directeur G\u00e9n\u00e9ral\",\"datePublished\":\"2026-05-01T09:52:23+00:00\",\"dateModified\":\"2026-05-01T11:42:00+00:00\",\"mainEntityOfPage\":{\"@id\":\"https:\\\/\\\/huron.fr\\\/fr\\\/communication-de-huron-graffenstaden-sas-relative-a-la-nomination-dun-nouveau-directeur-general\\\/\"},\"wordCount\":59,\"commentCount\":0,\"publisher\":{\"@id\":\"https:\\\/\\\/huron.fr\\\/fr\\\/#organization\"},\"image\":{\"@id\":\"https:\\\/\\\/huron.fr\\\/fr\\\/communication-de-huron-graffenstaden-sas-relative-a-la-nomination-dun-nouveau-directeur-general\\\/#primaryimage\"},\"thumbnailUrl\":\"https:\\\/\\\/huron.fr\\\/fr\\\/wp-content\\\/uploads\\\/2026\\\/05\\\/no-image-blog.png\",\"articleSection\":[\"Nouvelles\"],\"inLanguage\":\"en-US\",\"potentialAction\":[{\"@type\":\"CommentAction\",\"name\":\"Comment\",\"target\":[\"https:\\\/\\\/huron.fr\\\/fr\\\/communication-de-huron-graffenstaden-sas-relative-a-la-nomination-dun-nouveau-directeur-general\\\/#respond\"]}]},{\"@type\":\"WebPage\",\"@id\":\"https:\\\/\\\/huron.fr\\\/fr\\\/communication-de-huron-graffenstaden-sas-relative-a-la-nomination-dun-nouveau-directeur-general\\\/\",\"url\":\"https:\\\/\\\/huron.fr\\\/fr\\\/communication-de-huron-graffenstaden-sas-relative-a-la-nomination-dun-nouveau-directeur-general\\\/\",\"name\":\"Communication de Huron Graffenstaden SAS relative \u00e0 la nomination d\u2019un nouveau Directeur G\u00e9n\u00e9ral - HURON GRAFFENSTADEN\",\"isPartOf\":{\"@id\":\"https:\\\/\\\/huron.fr\\\/fr\\\/#website\"},\"primaryImageOfPage\":{\"@id\":\"https:\\\/\\\/huron.fr\\\/fr\\\/communication-de-huron-graffenstaden-sas-relative-a-la-nomination-dun-nouveau-directeur-general\\\/#primaryimage\"},\"image\":{\"@id\":\"https:\\\/\\\/huron.fr\\\/fr\\\/communication-de-huron-graffenstaden-sas-relative-a-la-nomination-dun-nouveau-directeur-general\\\/#primaryimage\"},\"thumbnailUrl\":\"https:\\\/\\\/huron.fr\\\/fr\\\/wp-content\\\/uploads\\\/2026\\\/05\\\/no-image-blog.png\",\"datePublished\":\"2026-05-01T09:52:23+00:00\",\"dateModified\":\"2026-05-01T11:42:00+00:00\",\"breadcrumb\":{\"@id\":\"https:\\\/\\\/huron.fr\\\/fr\\\/communication-de-huron-graffenstaden-sas-relative-a-la-nomination-dun-nouveau-directeur-general\\\/#breadcrumb\"},\"inLanguage\":\"en-US\",\"potentialAction\":[{\"@type\":\"ReadAction\",\"target\":[\"https:\\\/\\\/huron.fr\\\/fr\\\/communication-de-huron-graffenstaden-sas-relative-a-la-nomination-dun-nouveau-directeur-general\\\/\"]}]},{\"@type\":\"ImageObject\",\"inLanguage\":\"en-US\",\"@id\":\"https:\\\/\\\/huron.fr\\\/fr\\\/communication-de-huron-graffenstaden-sas-relative-a-la-nomination-dun-nouveau-directeur-general\\\/#primaryimage\",\"url\":\"https:\\\/\\\/huron.fr\\\/fr\\\/wp-content\\\/uploads\\\/2026\\\/05\\\/no-image-blog.png\",\"contentUrl\":\"https:\\\/\\\/huron.fr\\\/fr\\\/wp-content\\\/uploads\\\/2026\\\/05\\\/no-image-blog.png\",\"width\":1200,\"height\":375},{\"@type\":\"BreadcrumbList\",\"@id\":\"https:\\\/\\\/huron.fr\\\/fr\\\/communication-de-huron-graffenstaden-sas-relative-a-la-nomination-dun-nouveau-directeur-general\\\/#breadcrumb\",\"itemListElement\":[{\"@type\":\"ListItem\",\"position\":1,\"name\":\"Home\",\"item\":\"https:\\\/\\\/huron.fr\\\/fr\\\/\"},{\"@type\":\"ListItem\",\"position\":2,\"name\":\"Communication de Huron Graffenstaden SAS relative \u00e0 la nomination d\u2019un nouveau Directeur G\u00e9n\u00e9ral\"}]},{\"@type\":\"WebSite\",\"@id\":\"https:\\\/\\\/huron.fr\\\/fr\\\/#website\",\"url\":\"https:\\\/\\\/huron.fr\\\/fr\\\/\",\"name\":\"HURON GRAFFENSTADEN\",\"description\":\"Precision, Our Tradition\",\"publisher\":{\"@id\":\"https:\\\/\\\/huron.fr\\\/fr\\\/#organization\"},\"potentialAction\":[{\"@type\":\"SearchAction\",\"target\":{\"@type\":\"EntryPoint\",\"urlTemplate\":\"https:\\\/\\\/huron.fr\\\/fr\\\/?s={search_term_string}\"},\"query-input\":{\"@type\":\"PropertyValueSpecification\",\"valueRequired\":true,\"valueName\":\"search_term_string\"}}],\"inLanguage\":\"en-US\"},{\"@type\":\"Organization\",\"@id\":\"https:\\\/\\\/huron.fr\\\/fr\\\/#organization\",\"name\":\"HURON GRAFFENSTADEN\",\"url\":\"https:\\\/\\\/huron.fr\\\/fr\\\/\",\"logo\":{\"@type\":\"ImageObject\",\"inLanguage\":\"en-US\",\"@id\":\"https:\\\/\\\/huron.fr\\\/fr\\\/#\\\/schema\\\/logo\\\/image\\\/\",\"url\":\"https:\\\/\\\/huron.fr\\\/fr\\\/wp-content\\\/uploads\\\/2024\\\/09\\\/huron-graffenstaden-logo.svg\",\"contentUrl\":\"https:\\\/\\\/huron.fr\\\/fr\\\/wp-content\\\/uploads\\\/2024\\\/09\\\/huron-graffenstaden-logo.svg\",\"width\":1,\"height\":1,\"caption\":\"HURON GRAFFENSTADEN\"},\"image\":{\"@id\":\"https:\\\/\\\/huron.fr\\\/fr\\\/#\\\/schema\\\/logo\\\/image\\\/\"},\"sameAs\":[\"https:\\\/\\\/www.facebook.com\\\/HuronGraffenstadenSAS\",\"https:\\\/\\\/www.instagram.com\\\/huron_graffenstaden\\\/\",\"https:\\\/\\\/fr.linkedin.com\\\/in\\\/hurongraffenstaden\",\"https:\\\/\\\/www.youtube.com\\\/user\\\/hurongraffenstaden\",\"https:\\\/\\\/x.com\\\/Huron_Graffe\"]},{\"@type\":\"Person\",\"@id\":\"https:\\\/\\\/huron.fr\\\/fr\\\/#\\\/schema\\\/person\\\/5ef52c98470421b57f6f80b68e385264\",\"name\":\"tridentfr\",\"image\":{\"@type\":\"ImageObject\",\"inLanguage\":\"en-US\",\"@id\":\"https:\\\/\\\/huron.fr\\\/fr\\\/wp-content\\\/litespeed\\\/avatar\\\/7284b9369ef48aa5e2816ed16200dcef.jpg?ver=1777094489\",\"url\":\"https:\\\/\\\/huron.fr\\\/fr\\\/wp-content\\\/litespeed\\\/avatar\\\/7284b9369ef48aa5e2816ed16200dcef.jpg?ver=1777094489\",\"contentUrl\":\"https:\\\/\\\/huron.fr\\\/fr\\\/wp-content\\\/litespeed\\\/avatar\\\/7284b9369ef48aa5e2816ed16200dcef.jpg?ver=1777094489\",\"caption\":\"tridentfr\"},\"url\":\"https:\\\/\\\/huron.fr\\\/fr\\\/author\\\/admin\\\/\"}]}<\/script>\n<!-- \/ Yoast SEO plugin. -->","yoast_head_json":{"title":"Communication de Huron Graffenstaden SAS relative \u00e0 la nomination d\u2019un nouveau Directeur G\u00e9n\u00e9ral - HURON GRAFFENSTADEN","robots":{"index":"index","follow":"follow","max-snippet":"max-snippet:-1","max-image-preview":"max-image-preview:large","max-video-preview":"max-video-preview:-1"},"canonical":"https:\/\/huron.fr\/fr\/communication-de-huron-graffenstaden-sas-relative-a-la-nomination-dun-nouveau-directeur-general\/","og_locale":"en_US","og_type":"article","og_title":"Communication de Huron Graffenstaden SAS relative \u00e0 la nomination d\u2019un nouveau Directeur G\u00e9n\u00e9ral - HURON GRAFFENSTADEN","og_description":"Communication de Huron Graffenstaden SAS relative \u00e0 la nomination d\u2019un nouveau Directeur G\u00e9n\u00e9ral &#8211; French T\u00e9l\u00e9charger le PDF Communication de Huron Graffenstaden SAS relative \u00e0 la nomination d\u2019un nouveau Directeur G\u00e9n\u00e9ral &#8211; English T\u00e9l\u00e9charger le PDF","og_url":"https:\/\/huron.fr\/fr\/communication-de-huron-graffenstaden-sas-relative-a-la-nomination-dun-nouveau-directeur-general\/","og_site_name":"HURON GRAFFENSTADEN","article_publisher":"https:\/\/www.facebook.com\/HuronGraffenstadenSAS","article_published_time":"2026-05-01T09:52:23+00:00","article_modified_time":"2026-05-01T11:42:00+00:00","og_image":[{"width":1200,"height":375,"url":"https:\/\/huron.fr\/fr\/wp-content\/uploads\/2026\/05\/no-image-blog.png","type":"image\/png"}],"author":"tridentfr","twitter_card":"summary_large_image","twitter_misc":{"Written by":"tridentfr","Est. reading time":"1 minute"},"schema":{"@context":"https:\/\/schema.org","@graph":[{"@type":"Article","@id":"https:\/\/huron.fr\/fr\/communication-de-huron-graffenstaden-sas-relative-a-la-nomination-dun-nouveau-directeur-general\/#article","isPartOf":{"@id":"https:\/\/huron.fr\/fr\/communication-de-huron-graffenstaden-sas-relative-a-la-nomination-dun-nouveau-directeur-general\/"},"author":{"name":"tridentfr","@id":"https:\/\/huron.fr\/fr\/#\/schema\/person\/5ef52c98470421b57f6f80b68e385264"},"headline":"Communication de Huron Graffenstaden SAS relative \u00e0 la nomination d\u2019un nouveau Directeur G\u00e9n\u00e9ral","datePublished":"2026-05-01T09:52:23+00:00","dateModified":"2026-05-01T11:42:00+00:00","mainEntityOfPage":{"@id":"https:\/\/huron.fr\/fr\/communication-de-huron-graffenstaden-sas-relative-a-la-nomination-dun-nouveau-directeur-general\/"},"wordCount":59,"commentCount":0,"publisher":{"@id":"https:\/\/huron.fr\/fr\/#organization"},"image":{"@id":"https:\/\/huron.fr\/fr\/communication-de-huron-graffenstaden-sas-relative-a-la-nomination-dun-nouveau-directeur-general\/#primaryimage"},"thumbnailUrl":"https:\/\/huron.fr\/fr\/wp-content\/uploads\/2026\/05\/no-image-blog.png","articleSection":["Nouvelles"],"inLanguage":"en-US","potentialAction":[{"@type":"CommentAction","name":"Comment","target":["https:\/\/huron.fr\/fr\/communication-de-huron-graffenstaden-sas-relative-a-la-nomination-dun-nouveau-directeur-general\/#respond"]}]},{"@type":"WebPage","@id":"https:\/\/huron.fr\/fr\/communication-de-huron-graffenstaden-sas-relative-a-la-nomination-dun-nouveau-directeur-general\/","url":"https:\/\/huron.fr\/fr\/communication-de-huron-graffenstaden-sas-relative-a-la-nomination-dun-nouveau-directeur-general\/","name":"Communication de Huron Graffenstaden SAS relative \u00e0 la nomination d\u2019un nouveau Directeur G\u00e9n\u00e9ral - HURON GRAFFENSTADEN","isPartOf":{"@id":"https:\/\/huron.fr\/fr\/#website"},"primaryImageOfPage":{"@id":"https:\/\/huron.fr\/fr\/communication-de-huron-graffenstaden-sas-relative-a-la-nomination-dun-nouveau-directeur-general\/#primaryimage"},"image":{"@id":"https:\/\/huron.fr\/fr\/communication-de-huron-graffenstaden-sas-relative-a-la-nomination-dun-nouveau-directeur-general\/#primaryimage"},"thumbnailUrl":"https:\/\/huron.fr\/fr\/wp-content\/uploads\/2026\/05\/no-image-blog.png","datePublished":"2026-05-01T09:52:23+00:00","dateModified":"2026-05-01T11:42:00+00:00","breadcrumb":{"@id":"https:\/\/huron.fr\/fr\/communication-de-huron-graffenstaden-sas-relative-a-la-nomination-dun-nouveau-directeur-general\/#breadcrumb"},"inLanguage":"en-US","potentialAction":[{"@type":"ReadAction","target":["https:\/\/huron.fr\/fr\/communication-de-huron-graffenstaden-sas-relative-a-la-nomination-dun-nouveau-directeur-general\/"]}]},{"@type":"ImageObject","inLanguage":"en-US","@id":"https:\/\/huron.fr\/fr\/communication-de-huron-graffenstaden-sas-relative-a-la-nomination-dun-nouveau-directeur-general\/#primaryimage","url":"https:\/\/huron.fr\/fr\/wp-content\/uploads\/2026\/05\/no-image-blog.png","contentUrl":"https:\/\/huron.fr\/fr\/wp-content\/uploads\/2026\/05\/no-image-blog.png","width":1200,"height":375},{"@type":"BreadcrumbList","@id":"https:\/\/huron.fr\/fr\/communication-de-huron-graffenstaden-sas-relative-a-la-nomination-dun-nouveau-directeur-general\/#breadcrumb","itemListElement":[{"@type":"ListItem","position":1,"name":"Home","item":"https:\/\/huron.fr\/fr\/"},{"@type":"ListItem","position":2,"name":"Communication de Huron Graffenstaden SAS relative \u00e0 la nomination d\u2019un nouveau Directeur G\u00e9n\u00e9ral"}]},{"@type":"WebSite","@id":"https:\/\/huron.fr\/fr\/#website","url":"https:\/\/huron.fr\/fr\/","name":"HURON GRAFFENSTADEN","description":"Precision, Our Tradition","publisher":{"@id":"https:\/\/huron.fr\/fr\/#organization"},"potentialAction":[{"@type":"SearchAction","target":{"@type":"EntryPoint","urlTemplate":"https:\/\/huron.fr\/fr\/?s={search_term_string}"},"query-input":{"@type":"PropertyValueSpecification","valueRequired":true,"valueName":"search_term_string"}}],"inLanguage":"en-US"},{"@type":"Organization","@id":"https:\/\/huron.fr\/fr\/#organization","name":"HURON GRAFFENSTADEN","url":"https:\/\/huron.fr\/fr\/","logo":{"@type":"ImageObject","inLanguage":"en-US","@id":"https:\/\/huron.fr\/fr\/#\/schema\/logo\/image\/","url":"https:\/\/huron.fr\/fr\/wp-content\/uploads\/2024\/09\/huron-graffenstaden-logo.svg","contentUrl":"https:\/\/huron.fr\/fr\/wp-content\/uploads\/2024\/09\/huron-graffenstaden-logo.svg","width":1,"height":1,"caption":"HURON GRAFFENSTADEN"},"image":{"@id":"https:\/\/huron.fr\/fr\/#\/schema\/logo\/image\/"},"sameAs":["https:\/\/www.facebook.com\/HuronGraffenstadenSAS","https:\/\/www.instagram.com\/huron_graffenstaden\/","https:\/\/fr.linkedin.com\/in\/hurongraffenstaden","https:\/\/www.youtube.com\/user\/hurongraffenstaden","https:\/\/x.com\/Huron_Graffe"]},{"@type":"Person","@id":"https:\/\/huron.fr\/fr\/#\/schema\/person\/5ef52c98470421b57f6f80b68e385264","name":"tridentfr","image":{"@type":"ImageObject","inLanguage":"en-US","@id":"https:\/\/huron.fr\/fr\/wp-content\/litespeed\/avatar\/7284b9369ef48aa5e2816ed16200dcef.jpg?ver=1777094489","url":"https:\/\/huron.fr\/fr\/wp-content\/litespeed\/avatar\/7284b9369ef48aa5e2816ed16200dcef.jpg?ver=1777094489","contentUrl":"https:\/\/huron.fr\/fr\/wp-content\/litespeed\/avatar\/7284b9369ef48aa5e2816ed16200dcef.jpg?ver=1777094489","caption":"tridentfr"},"url":"https:\/\/huron.fr\/fr\/author\/admin\/"}]}},"_links":{"self":[{"href":"https:\/\/huron.fr\/fr\/wp-json\/wp\/v2\/posts\/13927","targetHints":{"allow":["GET"]}}],"collection":[{"href":"https:\/\/huron.fr\/fr\/wp-json\/wp\/v2\/posts"}],"about":[{"href":"https:\/\/huron.fr\/fr\/wp-json\/wp\/v2\/types\/post"}],"author":[{"embeddable":true,"href":"https:\/\/huron.fr\/fr\/wp-json\/wp\/v2\/users\/1"}],"replies":[{"embeddable":true,"href":"https:\/\/huron.fr\/fr\/wp-json\/wp\/v2\/comments?post=13927"}],"version-history":[{"count":1,"href":"https:\/\/huron.fr\/fr\/wp-json\/wp\/v2\/posts\/13927\/revisions"}],"predecessor-version":[{"id":13939,"href":"https:\/\/huron.fr\/fr\/wp-json\/wp\/v2\/posts\/13927\/revisions\/13939"}],"wp:featuredmedia":[{"embeddable":true,"href":"https:\/\/huron.fr\/fr\/wp-json\/wp\/v2\/media\/13938"}],"wp:attachment":[{"href":"https:\/\/huron.fr\/fr\/wp-json\/wp\/v2\/media?parent=13927"}],"wp:term":[{"taxonomy":"category","embeddable":true,"href":"https:\/\/huron.fr\/fr\/wp-json\/wp\/v2\/categories?post=13927"},{"taxonomy":"post_tag","embeddable":true,"href":"https:\/\/huron.fr\/fr\/wp-json\/wp\/v2\/tags?post=13927"}],"curies":[{"name":"wp","href":"https:\/\/api.w.org\/{rel}","templated":true}]}}